{"id":18128,"global_id":"www.bastropcares.org\/es\/?id=18128","global_id_lineage":["www.bastropcares.org\/es\/?id=18128"],"author":"6","status":"publish","date":"2025-08-26 13:56:49","date_utc":"2025-08-26 18:56:49","modified":"2025-08-26 13:56:49","modified_utc":"2025-08-26 18:56:49","url":"https:\/\/www.bastropcares.org\/es\/community-event\/evento-care-a-van-thomas-memorial-park-5\/","rest_url":"https:\/\/www.bastropcares.org\/es\/wp-json\/tribe\/events\/v1\/events\/18128","title":"Evento Care-A-Van &#8211; Thomas Memorial Park","description":"<p>Acomp\u00e1\u00f1anos en un evento Care-A-Van lleno de diversi\u00f3n en el Thomas Memorial Park, donde Bastrop County Cares ofrece actividades emocionantes, entretenimiento en directo y recursos comunitarios para apoyar e inspirar a ni\u00f1os de todas las edades. Disfruta de juegos hinchables, emocionantes toboganes acu\u00e1ticos, creativos proyectos de pintura y mucho m\u00e1s, mientras te pones en contacto con servicios locales dedicados a la salud y el bienestar de los ni\u00f1os. Ten en cuenta que algunos actos dependen del tiempo y que el horario puede cambiar si es necesario. \u00a1Esperamos verte all\u00ed para un d\u00eda de diversi\u00f3n y comunidad!<\/p>","excerpt":"","slug":"evento-care-a-van-thomas-memorial-park-5","image":{"url":"https:\/\/www.bastropcares.org\/wp-content\/uploads\/2025\/03\/Care-a-Van-1920x1080-1.jpg","id":17113,"extension":"jpg","width":1920,"height":1080,"filesize":217681,"sizes":{"medium":{"width":300,"height":169,"mime-type":"image\/jpeg","filesize":14796,"url":"https:\/\/www.bastropcares.org\/wp-content\/uploads\/2025\/03\/Care-a-Van-1920x1080-1-300x169.jpg"},"large":{"width":1024,"height":576,"mime-type":"image\/jpeg","filesize":112415,"url":"https:\/\/www.bastropcares.org\/wp-content\/uploads\/2025\/03\/Care-a-Van-1920x1080-1-1024x576.jpg"},"thumbnail":{"width":150,"height":150,"mime-type":"image\/jpeg","filesize":7072,"url":"https:\/\/www.bastropcares.org\/wp-content\/uploads\/2025\/03\/Care-a-Van-1920x1080-1-150x150.jpg"},"medium_large":{"width":768,"height":432,"mime-type":"image\/jpeg","filesize":69150,"url":"https:\/\/www.bastropcares.org\/wp-content\/uploads\/2025\/03\/Care-a-Van-1920x1080-1-768x432.jpg"},"1536x1536":{"width":1536,"height":864,"mime-type":"image\/jpeg","filesize":219455,"url":"https:\/\/www.bastropcares.org\/wp-content\/uploads\/2025\/03\/Care-a-Van-1920x1080-1-1536x864.jpg"},"bloom_image":{"width":610,"height":343,"mime-type":"image\/jpeg","filesize":47393,"url":"https:\/\/www.bastropcares.org\/wp-content\/uploads\/2025\/03\/Care-a-Van-1920x1080-1-610x343.jpg"},"gb-block-post-grid-landscape":{"width":600,"height":400,"mime-type":"image\/jpeg","filesize":52462,"url":"https:\/\/www.bastropcares.org\/wp-content\/uploads\/2025\/03\/Care-a-Van-1920x1080-1-600x400.jpg"},"gb-block-post-grid-square":{"width":600,"height":600,"mime-type":"image\/jpeg","filesize":66814,"url":"https:\/\/www.bastropcares.org\/wp-content\/uploads\/2025\/03\/Care-a-Van-1920x1080-1-600x600.jpg"},"et-pb-post-main-image":{"width":400,"height":250,"mime-type":"image\/jpeg","filesize":25532,"url":"https:\/\/www.bastropcares.org\/wp-content\/uploads\/2025\/03\/Care-a-Van-1920x1080-1-400x250.jpg"},"et-pb-post-main-image-fullwidth":{"width":1080,"height":675,"mime-type":"image\/jpeg","filesize":134384,"url":"https:\/\/www.bastropcares.org\/wp-content\/uploads\/2025\/03\/Care-a-Van-1920x1080-1-1080x675.jpg"},"et-pb-portfolio-image":{"width":400,"height":284,"mime-type":"image\/jpeg","filesize":28154,"url":"https:\/\/www.bastropcares.org\/wp-content\/uploads\/2025\/03\/Care-a-Van-1920x1080-1-400x284.jpg"},"et-pb-portfolio-module-image":{"width":510,"height":382,"mime-type":"image\/jpeg","filesize":44309,"url":"https:\/\/www.bastropcares.org\/wp-content\/uploads\/2025\/03\/Care-a-Van-1920x1080-1-510x382.jpg"},"et-pb-portfolio-image-single":{"width":1080,"height":608,"mime-type":"image\/jpeg","filesize":123499,"url":"https:\/\/www.bastropcares.org\/wp-content\/uploads\/2025\/03\/Care-a-Van-1920x1080-1-1080x608.jpg"},"et-pb-gallery-module-image-portrait":{"width":400,"height":516,"mime-type":"image\/jpeg","filesize":39545,"url":"https:\/\/www.bastropcares.org\/wp-content\/uploads\/2025\/03\/Care-a-Van-1920x1080-1-400x516.jpg"},"et-pb-image--responsive--desktop":{"width":1280,"height":720,"mime-type":"image\/jpeg","filesize":163193,"url":"https:\/\/www.bastropcares.org\/wp-content\/uploads\/2025\/03\/Care-a-Van-1920x1080-1-1280x720.jpg"},"et-pb-image--responsive--tablet":{"width":980,"height":551,"mime-type":"image\/jpeg","filesize":105173,"url":"https:\/\/www.bastropcares.org\/wp-content\/uploads\/2025\/03\/Care-a-Van-1920x1080-1-980x551.jpg"},"et-pb-image--responsive--phone":{"width":480,"height":270,"mime-type":"image\/jpeg","filesize":31852,"url":"https:\/\/www.bastropcares.org\/wp-content\/uploads\/2025\/03\/Care-a-Van-1920x1080-1-480x270.jpg"}}},"all_day":false,"start_date":"2025-10-01 17:30:00","start_date_details":{"year":"2025","month":"10","day":"01","hour":"17","minutes":"30","seconds":"00"},"end_date":"2025-10-01 19:30:00","end_date_details":{"year":"2025","month":"10","day":"01","hour":"19","minutes":"30","seconds":"00"},"utc_start_date":"2025-10-01 22:30:00","utc_start_date_details":{"year":"2025","month":"10","day":"01","hour":"22","minutes":"30","seconds":"00"},"utc_end_date":"2025-10-02 00:30:00","utc_end_date_details":{"year":"2025","month":"10","day":"02","hour":"00","minutes":"30","seconds":"00"},"timezone":"America\/Chicago","timezone_abbr":"CDT","cost":"","cost_details":{"currency_symbol":"","currency_code":"","currency_position":"","values":[]},"website":"","show_map":true,"show_map_link":true,"hide_from_listings":false,"sticky":false,"featured":false,"categories":[{"name":"Comunidades Pr\u00f3speras","slug":"comunidades-prosperas","term_group":0,"term_taxonomy_id":182,"taxonomy":"tribe_events_cat","description":"El objetivo es aumentar la conexi\u00f3n social para crear barrios pr\u00f3speros","parent":0,"count":66,"filter":"raw","id":182,"urls":{"self":"https:\/\/www.bastropcares.org\/es\/wp-json\/tribe\/events\/v1\/categories\/182","collection":"https:\/\/www.bastropcares.org\/es\/wp-json\/tribe\/events\/v1\/categories"}}],"tags":[],"venue":{"id":15738,"author":"4","status":"publish","date":"2025-03-12 15:05:14","date_utc":"2025-03-12 20:05:14","modified":"2025-03-12 15:05:14","modified_utc":"2025-03-12 20:05:14","url":"https:\/\/www.bastropcares.org\/recinto\/thomas-memorial-park\/","venue":"Thomas Memorial Park","slug":"thomas-memorial-park","address":"411 Madison St","city":"Elguin","province":"TX","zip":"78621","stateprovince":"TX","json_ld":{"@type":"Place","name":"Thomas Memorial Park","description":"","url":"https:\/\/www.bastropcares.org\/recinto\/thomas-memorial-park\/","address":{"@type":"PostalAddress","streetAddress":"411 Madison St","addressLocality":"Elguin","addressRegion":"TX","postalCode":"78621"},"telephone":"","sameAs":""},"show_map":true,"show_map_link":true,"global_id":"www.bastropcares.org\/es\/?id=15738","global_id_lineage":["www.bastropcares.org\/es\/?id=15738"]},"organizer":[],"custom_fields":[],"json_ld":{"@context":"http:\/\/schema.org","@type":"Event","name":"Evento Care-A-Van &#8211; Thomas Memorial Park","description":"&lt;p&gt;Acomp\u00e1\u00f1anos en un evento Care-A-Van lleno de diversi\u00f3n en el Thomas Memorial Park, donde Bastrop County Cares ofrece actividades emocionantes, entretenimiento en directo y recursos comunitarios para apoyar e inspirar [&hellip;]&lt;\/p&gt;\\n","image":"https:\/\/www.bastropcares.org\/wp-content\/uploads\/2025\/03\/Care-a-Van-1920x1080-1.jpg","url":"https:\/\/www.bastropcares.org\/es\/community-event\/evento-care-a-van-thomas-memorial-park-5\/","eventAttendanceMode":"https:\/\/schema.org\/OfflineEventAttendanceMode","eventStatus":"https:\/\/schema.org\/EventScheduled","startDate":"2025-10-01T17:30:00-05:00","endDate":"2025-10-01T19:30:00-05:00","location":{"@type":"Place","name":"Thomas Memorial Park","description":"","url":"https:\/\/www.bastropcares.org\/recinto\/thomas-memorial-park\/","address":{"@type":"PostalAddress","streetAddress":"411 Madison St","addressLocality":"Elguin","addressRegion":"TX","postalCode":"78621"},"telephone":"","sameAs":""},"performer":"Organization"},"ticketed":false,"is_virtual":false,"virtual_url":null,"virtual_video_source":""}