{"id":17552,"date":"2024-04-11T13:00:21","date_gmt":"2024-04-11T18:00:21","guid":{"rendered":"https:\/\/bastropstg.wpenginepowered.com\/blog\/fiesta-de-la-armonia-un-dia-sin-estres-de-bienestar-y-conexion-comunitaria\/"},"modified":"2025-03-31T10:51:55","modified_gmt":"2025-03-31T15:51:55","slug":"fiesta-de-la-armonia-un-dia-sin-estres-de-bienestar-y-conexion-comunitaria","status":"publish","type":"post","link":"https:\/\/www.bastropcares.org\/es\/blog\/fiesta-de-la-armonia-un-dia-sin-estres-de-bienestar-y-conexion-comunitaria\/","title":{"rendered":"Fiesta de la Armon\u00eda: Un D\u00eda sin Estr\u00e9s de Bienestar y Conexi\u00f3n Comunitaria"},"content":{"rendered":"\r\n<div class=\"tb-image-slider\" data-toolset-blocks-image-slider=\"1\">\r\n<div class=\"tb-image-slider--carousel tb-image-slider--crop glide\" data-glide-number-slides=\"3\">\r\n<div class=\"glide__arrows\" data-glide-el=\"controls\">\r\n<p>Estamos encantados de compartir el \u00e9xito de nuestro reciente evento Harmony Fest, organizado por Faith Collaborative el 9 de marzo a las 10 de la ma\u00f1ana en la Primera Iglesia Metodista Unida de Bastrop. Fue un d\u00eda lleno de experiencias edificantes y una armoniosa mezcla de actividades para la mente, el cuerpo y el alma.<\/p>\r\n&#13;\n<p><strong>Un enorme agradecimiento a nuestros talentosos facilitadores del movimiento, que hicieron que el d\u00eda fuera realmente especial:<\/strong><\/p>&#13;\n\r\n<ul class=\"wp-block-list\">&#13;\n<li>David Harwell por su en\u00e9rgica sesi\u00f3n de danza Bollywood<\/li>&#13;\n\r\n\r\n&#13;\n<li>Elizabeth Sierra por dirigir una estimulante sesi\u00f3n de Zumba Dance<\/li>&#13;\n\r\n\r\n&#13;\n<li>BCOC Flag Dancers por su inspiradora alabanza y adoraci\u00f3n utilizando banderas<\/li>&#13;\n\r\n\r\n&#13;\n<li>Amber Williams por su hermosa meditaci\u00f3n con cuencos cantores<\/li>&#13;\n\r\n\r\n&#13;\n<li>Krissy Voutas por facilitar una clase de yoga tranquilizadora<\/li>&#13;\n\r\n\r\n&#13;\n<li>Cicely Hall por hacer vibrar la casa con nuestras alabanzas<\/li>&#13;\n\r\n\r\n&#13;\n<li>Libby Pulley por dirigir la clase de movimiento de nuestros mayores, Silver Strides<\/li>&#13;\n<\/ul>\r\n&#13;\n<p><strong>Apoyo de la Comunidad<\/strong><br\/>Queremos hacer llegar una nota especial de agradecimiento a Chris Lott por su inestimable apoyo como maestro de ceremonias durante nuestro evento Harmony Fest. El entusiasmo, la profesionalidad y la dedicaci\u00f3n de Chris fueron fundamentales para garantizar que el acto se desarrollara sin problemas y fuera disfrutado por todos.<\/p>&#13;\n&#13;\n<p><strong>Agradecimientos especiales a nuestros patrocinadores<\/strong><br\/>Un gran saludo a H-E-B, Walmart y Wesley Nurse por sus generosas contribuciones a nuestro evento Harmony Fest. Tu apoyo ayud\u00f3 a crear un d\u00eda de bienestar y conexi\u00f3n comunitaria. \u00a1Gracias por formar parte de nuestra misi\u00f3n!<\/p>&#13;\n&#13;\n<p><strong>Gracias<\/strong><br\/>Un sincero agradecimiento a todos nuestros facilitadores del movimiento, a los voluntarios, incluido el equipo de Recuperaci\u00f3n de la Casa del Rancho, al equipo de planificaci\u00f3n y a los asistentes por hacer de este evento un tremendo \u00e9xito. Juntos, \u00a1prosperamos!<\/p>&#13;\n<p>\u00a0<\/p>&#13;\n&#13;\n<p>\u00a0<\/p>&#13;\n","protected":false},"excerpt":{"rendered":"<p>&#13; Un enorme agradecimiento a nuestros talentosos facilitadores del movimiento, que hicieron que el d\u00eda fuera realmente especial: &#13; &#13; Apoyo de la ComunidadQueremos hacer llegar una nota especial de [&hellip;]<\/p>\n","protected":false},"author":1,"featured_media":17142,"comment_status":"closed","ping_status":"closed","sticky":false,"template":"","format":"standard","meta":{"_et_pb_use_builder":"","_et_pb_old_content":"","_et_gb_content_width":"","inline_featured_image":false,"_price":"","_stock":"","_tribe_ticket_header":"","_tribe_default_ticket_provider":"","_tribe_ticket_capacity":"","_ticket_start_date":"","_ticket_end_date":"","_tribe_ticket_show_description":"","_tribe_ticket_show_not_going":false,"_tribe_ticket_use_global_stock":"","_tribe_ticket_global_stock_level":"","_global_stock_mode":"","_global_stock_cap":"","_tribe_rsvp_for_event":"","_tribe_ticket_going_count":"","_tribe_ticket_not_going_count":"","_tribe_tickets_list":"[]","_tribe_ticket_has_attendee_info_fields":false,"footnotes":""},"categories":[188],"tags":[],"class_list":["post-17552","post","type-post","status-publish","format-standard","has-post-thumbnail","hentry","category-salud"],"yoast_head":"<!-- This site is optimized with the Yoast SEO plugin v27.4 - https:\/\/yoast.com\/product\/yoast-seo-wordpress\/ -->\n<title>Fiesta de la Armon\u00eda: Un D\u00eda sin Estr\u00e9s de Bienestar y Conexi\u00f3n Comunitaria - Bastrop County Cares<\/title>\n<meta name=\"description\" content=\"Experimenta el \u00e9xito del Harmony Fest Bastrop 2024, un evento de bienestar comunitario organizado por la Faith Collaborative.\" \/>\n<meta name=\"robots\" content=\"index, follow, max-snippet:-1, max-image-preview:large, max-video-preview:-1\" \/>\n<link rel=\"canonical\" href=\"https:\/\/www.bastropcares.org\/es\/blog\/fiesta-de-la-armonia-un-dia-sin-estres-de-bienestar-y-conexion-comunitaria\/\" \/>\n<meta property=\"og:locale\" content=\"es_ES\" \/>\n<meta property=\"og:type\" content=\"article\" \/>\n<meta property=\"og:title\" content=\"Fiesta de la Armon\u00eda: Un D\u00eda sin Estr\u00e9s de Bienestar y Conexi\u00f3n Comunitaria - Bastrop County Cares\" \/>\n<meta property=\"og:description\" content=\"Experimenta el \u00e9xito del Harmony Fest Bastrop 2024, un evento de bienestar comunitario organizado por la Faith Collaborative.\" \/>\n<meta property=\"og:url\" content=\"https:\/\/www.bastropcares.org\/es\/blog\/fiesta-de-la-armonia-un-dia-sin-estres-de-bienestar-y-conexion-comunitaria\/\" \/>\n<meta property=\"og:site_name\" content=\"Bastrop County Cares\" \/>\n<meta property=\"article:publisher\" content=\"https:\/\/www.facebook.com\/BastropCares\" \/>\n<meta property=\"article:published_time\" content=\"2024-04-11T18:00:21+00:00\" \/>\n<meta property=\"article:modified_time\" content=\"2025-03-31T15:51:55+00:00\" \/>\n<meta property=\"og:image\" content=\"https:\/\/www.bastropcares.org\/wp-content\/uploads\/2024\/04\/Harmony-Fest-1920x1080-1.jpg\" \/>\n\t<meta property=\"og:image:width\" content=\"1920\" \/>\n\t<meta property=\"og:image:height\" content=\"1080\" \/>\n\t<meta property=\"og:image:type\" content=\"image\/jpeg\" \/>\n<meta name=\"author\" content=\"bastropcares\" \/>\n<meta name=\"twitter:card\" content=\"summary_large_image\" \/>\n<meta name=\"twitter:label1\" content=\"Written by\" \/>\n\t<meta name=\"twitter:data1\" content=\"bastropcares\" \/>\n\t<meta name=\"twitter:label2\" content=\"Est. reading time\" \/>\n\t<meta name=\"twitter:data2\" content=\"1 minuto\" \/>\n<script type=\"application\/ld+json\" class=\"yoast-schema-graph\">{\"@context\":\"https:\\\/\\\/schema.org\",\"@graph\":[{\"@type\":\"Article\",\"@id\":\"https:\\\/\\\/www.bastropcares.org\\\/es\\\/blog\\\/fiesta-de-la-armonia-un-dia-sin-estres-de-bienestar-y-conexion-comunitaria\\\/#article\",\"isPartOf\":{\"@id\":\"https:\\\/\\\/www.bastropcares.org\\\/es\\\/blog\\\/fiesta-de-la-armonia-un-dia-sin-estres-de-bienestar-y-conexion-comunitaria\\\/\"},\"author\":{\"name\":\"bastropcares\",\"@id\":\"https:\\\/\\\/www.bastropcares.org\\\/es\\\/#\\\/schema\\\/person\\\/867d6ca3eda69471c6ef1f23ea054f0e\"},\"headline\":\"Fiesta de la Armon\u00eda: Un D\u00eda sin Estr\u00e9s de Bienestar y Conexi\u00f3n Comunitaria\",\"datePublished\":\"2024-04-11T18:00:21+00:00\",\"dateModified\":\"2025-03-31T15:51:55+00:00\",\"mainEntityOfPage\":{\"@id\":\"https:\\\/\\\/www.bastropcares.org\\\/es\\\/blog\\\/fiesta-de-la-armonia-un-dia-sin-estres-de-bienestar-y-conexion-comunitaria\\\/\"},\"wordCount\":308,\"publisher\":{\"@id\":\"https:\\\/\\\/www.bastropcares.org\\\/es\\\/#organization\"},\"image\":{\"@id\":\"https:\\\/\\\/www.bastropcares.org\\\/es\\\/blog\\\/fiesta-de-la-armonia-un-dia-sin-estres-de-bienestar-y-conexion-comunitaria\\\/#primaryimage\"},\"thumbnailUrl\":\"https:\\\/\\\/www.bastropcares.org\\\/wp-content\\\/uploads\\\/2024\\\/04\\\/Harmony-Fest-1920x1080-1.jpg\",\"articleSection\":[\"Salud\"],\"inLanguage\":\"es\"},{\"@type\":\"WebPage\",\"@id\":\"https:\\\/\\\/www.bastropcares.org\\\/es\\\/blog\\\/fiesta-de-la-armonia-un-dia-sin-estres-de-bienestar-y-conexion-comunitaria\\\/\",\"url\":\"https:\\\/\\\/www.bastropcares.org\\\/es\\\/blog\\\/fiesta-de-la-armonia-un-dia-sin-estres-de-bienestar-y-conexion-comunitaria\\\/\",\"name\":\"Fiesta de la Armon\u00eda: Un D\u00eda sin Estr\u00e9s de Bienestar y Conexi\u00f3n Comunitaria - Bastrop County Cares\",\"isPartOf\":{\"@id\":\"https:\\\/\\\/www.bastropcares.org\\\/es\\\/#website\"},\"primaryImageOfPage\":{\"@id\":\"https:\\\/\\\/www.bastropcares.org\\\/es\\\/blog\\\/fiesta-de-la-armonia-un-dia-sin-estres-de-bienestar-y-conexion-comunitaria\\\/#primaryimage\"},\"image\":{\"@id\":\"https:\\\/\\\/www.bastropcares.org\\\/es\\\/blog\\\/fiesta-de-la-armonia-un-dia-sin-estres-de-bienestar-y-conexion-comunitaria\\\/#primaryimage\"},\"thumbnailUrl\":\"https:\\\/\\\/www.bastropcares.org\\\/wp-content\\\/uploads\\\/2024\\\/04\\\/Harmony-Fest-1920x1080-1.jpg\",\"datePublished\":\"2024-04-11T18:00:21+00:00\",\"dateModified\":\"2025-03-31T15:51:55+00:00\",\"description\":\"Experimenta el \u00e9xito del Harmony Fest Bastrop 2024, un evento de bienestar comunitario organizado por la Faith Collaborative.\",\"breadcrumb\":{\"@id\":\"https:\\\/\\\/www.bastropcares.org\\\/es\\\/blog\\\/fiesta-de-la-armonia-un-dia-sin-estres-de-bienestar-y-conexion-comunitaria\\\/#breadcrumb\"},\"inLanguage\":\"es\",\"potentialAction\":[{\"@type\":\"ReadAction\",\"target\":[\"https:\\\/\\\/www.bastropcares.org\\\/es\\\/blog\\\/fiesta-de-la-armonia-un-dia-sin-estres-de-bienestar-y-conexion-comunitaria\\\/\"]}]},{\"@type\":\"ImageObject\",\"inLanguage\":\"es\",\"@id\":\"https:\\\/\\\/www.bastropcares.org\\\/es\\\/blog\\\/fiesta-de-la-armonia-un-dia-sin-estres-de-bienestar-y-conexion-comunitaria\\\/#primaryimage\",\"url\":\"https:\\\/\\\/www.bastropcares.org\\\/wp-content\\\/uploads\\\/2024\\\/04\\\/Harmony-Fest-1920x1080-1.jpg\",\"contentUrl\":\"https:\\\/\\\/www.bastropcares.org\\\/wp-content\\\/uploads\\\/2024\\\/04\\\/Harmony-Fest-1920x1080-1.jpg\",\"width\":1920,\"height\":1080},{\"@type\":\"BreadcrumbList\",\"@id\":\"https:\\\/\\\/www.bastropcares.org\\\/es\\\/blog\\\/fiesta-de-la-armonia-un-dia-sin-estres-de-bienestar-y-conexion-comunitaria\\\/#breadcrumb\",\"itemListElement\":[{\"@type\":\"ListItem\",\"position\":1,\"name\":\"Home\",\"item\":\"https:\\\/\\\/www.bastropcares.org\\\/es\\\/\"},{\"@type\":\"ListItem\",\"position\":2,\"name\":\"Fiesta de la Armon\u00eda: Un D\u00eda sin Estr\u00e9s de Bienestar y Conexi\u00f3n Comunitaria\"}]},{\"@type\":\"WebSite\",\"@id\":\"https:\\\/\\\/www.bastropcares.org\\\/es\\\/#website\",\"url\":\"https:\\\/\\\/www.bastropcares.org\\\/es\\\/\",\"name\":\"Bastrop County Cares\",\"description\":\"Bastrop County Cares is a non-profit organization uniting communities in Bastrop County and central Texas through partnerships and collaborative efforts.\",\"publisher\":{\"@id\":\"https:\\\/\\\/www.bastropcares.org\\\/es\\\/#organization\"},\"potentialAction\":[{\"@type\":\"SearchAction\",\"target\":{\"@type\":\"EntryPoint\",\"urlTemplate\":\"https:\\\/\\\/www.bastropcares.org\\\/es\\\/?s={search_term_string}\"},\"query-input\":{\"@type\":\"PropertyValueSpecification\",\"valueRequired\":true,\"valueName\":\"search_term_string\"}}],\"inLanguage\":\"es\"},{\"@type\":\"Organization\",\"@id\":\"https:\\\/\\\/www.bastropcares.org\\\/es\\\/#organization\",\"name\":\"Bastrop County Cares\",\"url\":\"https:\\\/\\\/www.bastropcares.org\\\/es\\\/\",\"logo\":{\"@type\":\"ImageObject\",\"inLanguage\":\"es\",\"@id\":\"https:\\\/\\\/www.bastropcares.org\\\/es\\\/#\\\/schema\\\/logo\\\/image\\\/\",\"url\":\"https:\\\/\\\/www.bastropcares.org\\\/wp-content\\\/uploads\\\/2025\\\/02\\\/Bastrop-County-Cares-Logo-STACKED-\u2014-V1.svg\",\"contentUrl\":\"https:\\\/\\\/www.bastropcares.org\\\/wp-content\\\/uploads\\\/2025\\\/02\\\/Bastrop-County-Cares-Logo-STACKED-\u2014-V1.svg\",\"width\":660,\"height\":269,\"caption\":\"Bastrop County Cares\"},\"image\":{\"@id\":\"https:\\\/\\\/www.bastropcares.org\\\/es\\\/#\\\/schema\\\/logo\\\/image\\\/\"},\"sameAs\":[\"https:\\\/\\\/www.facebook.com\\\/BastropCares\",\"https:\\\/\\\/www.instagram.com\\\/bastropcountycares\\\/\"]},{\"@type\":\"Person\",\"@id\":\"https:\\\/\\\/www.bastropcares.org\\\/es\\\/#\\\/schema\\\/person\\\/867d6ca3eda69471c6ef1f23ea054f0e\",\"name\":\"bastropcares\",\"image\":{\"@type\":\"ImageObject\",\"inLanguage\":\"es\",\"@id\":\"https:\\\/\\\/secure.gravatar.com\\\/avatar\\\/e7a7a7cc63d42300a257b94d1c9ec6fd71000064b9c7cb4667ff5ca6a57fe811?s=96&d=mm&r=g\",\"url\":\"https:\\\/\\\/secure.gravatar.com\\\/avatar\\\/e7a7a7cc63d42300a257b94d1c9ec6fd71000064b9c7cb4667ff5ca6a57fe811?s=96&d=mm&r=g\",\"contentUrl\":\"https:\\\/\\\/secure.gravatar.com\\\/avatar\\\/e7a7a7cc63d42300a257b94d1c9ec6fd71000064b9c7cb4667ff5ca6a57fe811?s=96&d=mm&r=g\",\"caption\":\"bastropcares\"},\"sameAs\":[\"https:\\\/\\\/www.bastropcares.org\"]}]}<\/script>\n<!-- \/ Yoast SEO plugin. -->","yoast_head_json":{"title":"Fiesta de la Armon\u00eda: Un D\u00eda sin Estr\u00e9s de Bienestar y Conexi\u00f3n Comunitaria - Bastrop County Cares","description":"Experimenta el \u00e9xito del Harmony Fest Bastrop 2024, un evento de bienestar comunitario organizado por la Faith Collaborative.","robots":{"index":"index","follow":"follow","max-snippet":"max-snippet:-1","max-image-preview":"max-image-preview:large","max-video-preview":"max-video-preview:-1"},"canonical":"https:\/\/www.bastropcares.org\/es\/blog\/fiesta-de-la-armonia-un-dia-sin-estres-de-bienestar-y-conexion-comunitaria\/","og_locale":"es_ES","og_type":"article","og_title":"Fiesta de la Armon\u00eda: Un D\u00eda sin Estr\u00e9s de Bienestar y Conexi\u00f3n Comunitaria - Bastrop County Cares","og_description":"Experimenta el \u00e9xito del Harmony Fest Bastrop 2024, un evento de bienestar comunitario organizado por la Faith Collaborative.","og_url":"https:\/\/www.bastropcares.org\/es\/blog\/fiesta-de-la-armonia-un-dia-sin-estres-de-bienestar-y-conexion-comunitaria\/","og_site_name":"Bastrop County Cares","article_publisher":"https:\/\/www.facebook.com\/BastropCares","article_published_time":"2024-04-11T18:00:21+00:00","article_modified_time":"2025-03-31T15:51:55+00:00","og_image":[{"width":1920,"height":1080,"url":"https:\/\/www.bastropcares.org\/wp-content\/uploads\/2024\/04\/Harmony-Fest-1920x1080-1.jpg","type":"image\/jpeg"}],"author":"bastropcares","twitter_card":"summary_large_image","twitter_misc":{"Written by":"bastropcares","Est. reading time":"1 minuto"},"schema":{"@context":"https:\/\/schema.org","@graph":[{"@type":"Article","@id":"https:\/\/www.bastropcares.org\/es\/blog\/fiesta-de-la-armonia-un-dia-sin-estres-de-bienestar-y-conexion-comunitaria\/#article","isPartOf":{"@id":"https:\/\/www.bastropcares.org\/es\/blog\/fiesta-de-la-armonia-un-dia-sin-estres-de-bienestar-y-conexion-comunitaria\/"},"author":{"name":"bastropcares","@id":"https:\/\/www.bastropcares.org\/es\/#\/schema\/person\/867d6ca3eda69471c6ef1f23ea054f0e"},"headline":"Fiesta de la Armon\u00eda: Un D\u00eda sin Estr\u00e9s de Bienestar y Conexi\u00f3n Comunitaria","datePublished":"2024-04-11T18:00:21+00:00","dateModified":"2025-03-31T15:51:55+00:00","mainEntityOfPage":{"@id":"https:\/\/www.bastropcares.org\/es\/blog\/fiesta-de-la-armonia-un-dia-sin-estres-de-bienestar-y-conexion-comunitaria\/"},"wordCount":308,"publisher":{"@id":"https:\/\/www.bastropcares.org\/es\/#organization"},"image":{"@id":"https:\/\/www.bastropcares.org\/es\/blog\/fiesta-de-la-armonia-un-dia-sin-estres-de-bienestar-y-conexion-comunitaria\/#primaryimage"},"thumbnailUrl":"https:\/\/www.bastropcares.org\/wp-content\/uploads\/2024\/04\/Harmony-Fest-1920x1080-1.jpg","articleSection":["Salud"],"inLanguage":"es"},{"@type":"WebPage","@id":"https:\/\/www.bastropcares.org\/es\/blog\/fiesta-de-la-armonia-un-dia-sin-estres-de-bienestar-y-conexion-comunitaria\/","url":"https:\/\/www.bastropcares.org\/es\/blog\/fiesta-de-la-armonia-un-dia-sin-estres-de-bienestar-y-conexion-comunitaria\/","name":"Fiesta de la Armon\u00eda: Un D\u00eda sin Estr\u00e9s de Bienestar y Conexi\u00f3n Comunitaria - Bastrop County Cares","isPartOf":{"@id":"https:\/\/www.bastropcares.org\/es\/#website"},"primaryImageOfPage":{"@id":"https:\/\/www.bastropcares.org\/es\/blog\/fiesta-de-la-armonia-un-dia-sin-estres-de-bienestar-y-conexion-comunitaria\/#primaryimage"},"image":{"@id":"https:\/\/www.bastropcares.org\/es\/blog\/fiesta-de-la-armonia-un-dia-sin-estres-de-bienestar-y-conexion-comunitaria\/#primaryimage"},"thumbnailUrl":"https:\/\/www.bastropcares.org\/wp-content\/uploads\/2024\/04\/Harmony-Fest-1920x1080-1.jpg","datePublished":"2024-04-11T18:00:21+00:00","dateModified":"2025-03-31T15:51:55+00:00","description":"Experimenta el \u00e9xito del Harmony Fest Bastrop 2024, un evento de bienestar comunitario organizado por la Faith Collaborative.","breadcrumb":{"@id":"https:\/\/www.bastropcares.org\/es\/blog\/fiesta-de-la-armonia-un-dia-sin-estres-de-bienestar-y-conexion-comunitaria\/#breadcrumb"},"inLanguage":"es","potentialAction":[{"@type":"ReadAction","target":["https:\/\/www.bastropcares.org\/es\/blog\/fiesta-de-la-armonia-un-dia-sin-estres-de-bienestar-y-conexion-comunitaria\/"]}]},{"@type":"ImageObject","inLanguage":"es","@id":"https:\/\/www.bastropcares.org\/es\/blog\/fiesta-de-la-armonia-un-dia-sin-estres-de-bienestar-y-conexion-comunitaria\/#primaryimage","url":"https:\/\/www.bastropcares.org\/wp-content\/uploads\/2024\/04\/Harmony-Fest-1920x1080-1.jpg","contentUrl":"https:\/\/www.bastropcares.org\/wp-content\/uploads\/2024\/04\/Harmony-Fest-1920x1080-1.jpg","width":1920,"height":1080},{"@type":"BreadcrumbList","@id":"https:\/\/www.bastropcares.org\/es\/blog\/fiesta-de-la-armonia-un-dia-sin-estres-de-bienestar-y-conexion-comunitaria\/#breadcrumb","itemListElement":[{"@type":"ListItem","position":1,"name":"Home","item":"https:\/\/www.bastropcares.org\/es\/"},{"@type":"ListItem","position":2,"name":"Fiesta de la Armon\u00eda: Un D\u00eda sin Estr\u00e9s de Bienestar y Conexi\u00f3n Comunitaria"}]},{"@type":"WebSite","@id":"https:\/\/www.bastropcares.org\/es\/#website","url":"https:\/\/www.bastropcares.org\/es\/","name":"Bastrop County Cares","description":"Bastrop County Cares is a non-profit organization uniting communities in Bastrop County and central Texas through partnerships and collaborative efforts.","publisher":{"@id":"https:\/\/www.bastropcares.org\/es\/#organization"},"potentialAction":[{"@type":"SearchAction","target":{"@type":"EntryPoint","urlTemplate":"https:\/\/www.bastropcares.org\/es\/?s={search_term_string}"},"query-input":{"@type":"PropertyValueSpecification","valueRequired":true,"valueName":"search_term_string"}}],"inLanguage":"es"},{"@type":"Organization","@id":"https:\/\/www.bastropcares.org\/es\/#organization","name":"Bastrop County Cares","url":"https:\/\/www.bastropcares.org\/es\/","logo":{"@type":"ImageObject","inLanguage":"es","@id":"https:\/\/www.bastropcares.org\/es\/#\/schema\/logo\/image\/","url":"https:\/\/www.bastropcares.org\/wp-content\/uploads\/2025\/02\/Bastrop-County-Cares-Logo-STACKED-\u2014-V1.svg","contentUrl":"https:\/\/www.bastropcares.org\/wp-content\/uploads\/2025\/02\/Bastrop-County-Cares-Logo-STACKED-\u2014-V1.svg","width":660,"height":269,"caption":"Bastrop County Cares"},"image":{"@id":"https:\/\/www.bastropcares.org\/es\/#\/schema\/logo\/image\/"},"sameAs":["https:\/\/www.facebook.com\/BastropCares","https:\/\/www.instagram.com\/bastropcountycares\/"]},{"@type":"Person","@id":"https:\/\/www.bastropcares.org\/es\/#\/schema\/person\/867d6ca3eda69471c6ef1f23ea054f0e","name":"bastropcares","image":{"@type":"ImageObject","inLanguage":"es","@id":"https:\/\/secure.gravatar.com\/avatar\/e7a7a7cc63d42300a257b94d1c9ec6fd71000064b9c7cb4667ff5ca6a57fe811?s=96&d=mm&r=g","url":"https:\/\/secure.gravatar.com\/avatar\/e7a7a7cc63d42300a257b94d1c9ec6fd71000064b9c7cb4667ff5ca6a57fe811?s=96&d=mm&r=g","contentUrl":"https:\/\/secure.gravatar.com\/avatar\/e7a7a7cc63d42300a257b94d1c9ec6fd71000064b9c7cb4667ff5ca6a57fe811?s=96&d=mm&r=g","caption":"bastropcares"},"sameAs":["https:\/\/www.bastropcares.org"]}]}},"featured_image_src":"https:\/\/www.bastropcares.org\/wp-content\/uploads\/2024\/04\/Harmony-Fest-1920x1080-1-600x400.jpg","featured_image_src_square":"https:\/\/www.bastropcares.org\/wp-content\/uploads\/2024\/04\/Harmony-Fest-1920x1080-1-600x600.jpg","author_info":{"display_name":"bastropcares","author_link":"https:\/\/www.bastropcares.org\/es\/blog\/author\/bastropcares\/"},"_links":{"self":[{"href":"https:\/\/www.bastropcares.org\/es\/wp-json\/wp\/v2\/posts\/17552","targetHints":{"allow":["GET"]}}],"collection":[{"href":"https:\/\/www.bastropcares.org\/es\/wp-json\/wp\/v2\/posts"}],"about":[{"href":"https:\/\/www.bastropcares.org\/es\/wp-json\/wp\/v2\/types\/post"}],"author":[{"embeddable":true,"href":"https:\/\/www.bastropcares.org\/es\/wp-json\/wp\/v2\/users\/1"}],"replies":[{"embeddable":true,"href":"https:\/\/www.bastropcares.org\/es\/wp-json\/wp\/v2\/comments?post=17552"}],"version-history":[{"count":0,"href":"https:\/\/www.bastropcares.org\/es\/wp-json\/wp\/v2\/posts\/17552\/revisions"}],"wp:featuredmedia":[{"embeddable":true,"href":"https:\/\/www.bastropcares.org\/es\/wp-json\/wp\/v2\/media\/17142"}],"wp:attachment":[{"href":"https:\/\/www.bastropcares.org\/es\/wp-json\/wp\/v2\/media?parent=17552"}],"wp:term":[{"taxonomy":"category","embeddable":true,"href":"https:\/\/www.bastropcares.org\/es\/wp-json\/wp\/v2\/categories?post=17552"},{"taxonomy":"post_tag","embeddable":true,"href":"https:\/\/www.bastropcares.org\/es\/wp-json\/wp\/v2\/tags?post=17552"}],"curies":[{"name":"wp","href":"https:\/\/api.w.org\/{rel}","templated":true}]}}